{"id":1329,"date":"2011-05-31T00:39:33","date_gmt":"2011-05-30T23:39:33","guid":{"rendered":"http:\/\/www.blogueurinfluent.com\/?p=1329"},"modified":"2011-05-31T07:52:09","modified_gmt":"2011-05-31T06:52:09","slug":"terreur-au-rayon-primeur","status":"publish","type":"post","link":"https:\/\/www.blogueurinfluent.com\/?p=1329","title":{"rendered":"Malaise au rayon primeur"},"content":{"rendered":"<p>Ayant cru entendre une employ\u00e9e de la boutique Kookai se moquer d&rsquo;elle, Nadine Morano a fait un scandale <a href=\"http:\/\/www.rue89.com\/2011\/05\/30\/elle-plaisante-sur-morano-et-est-licenciee-pour-faute-grave-206765\" target=\"_blank\">et a obtenu le licenciement de la jeune femme<\/a>.<\/p>\n<p><img loading=\"lazy\" decoding=\"async\" class=\"alignnone size-full wp-image-1355\" title=\"cucumba\" src=\"http:\/\/www.blogueurinfluent.com\/wp-content\/uploads\/2011\/05\/cucumba.png\" alt=\"\" width=\"500\" height=\"470\" srcset=\"https:\/\/www.blogueurinfluent.com\/wp-content\/uploads\/2011\/05\/cucumba.png 500w, https:\/\/www.blogueurinfluent.com\/wp-content\/uploads\/2011\/05\/cucumba-300x282.png 300w\" sizes=\"auto, (max-width: 500px) 100vw, 500px\" \/><\/p>\n<p>M\u00eame si elle se d\u00e9fend d&rsquo;avoir r\u00e9clam\u00e9 personnellement ce licenciement pour faute grave, la \u00ab\u00a0ministre (si si) charg\u00e9e de l\u2019Apprentissage et de la Formation professionnelle aupr\u00e8s du ministre du travail (si si)\u00a0\u00bb ne semble pas avoir fait quoi que ce soit pour apaiser les choses.<\/p>\n<p><strong>nb : veuillez \u00e9viter de publier ici des commentaires insultants vis \u00e0 vis des concombres ou des appels au boycott de concombres. En effet, l&rsquo;un et l&rsquo;autre tombent sous le coup de la loi. De plus, je n&rsquo;ai pas envie de me faire virer de chez Kookai.<\/strong><\/p>\n","protected":false},"excerpt":{"rendered":"<p>Ayant cru entendre une employ\u00e9e de la boutique Kookai se moquer d&rsquo;elle, Nadine Morano a fait un scandale et a obtenu le licenciement de la jeune femme. M\u00eame si elle se d\u00e9fend d&rsquo;avoir r\u00e9clam\u00e9 personnellement ce licenciement pour faute grave, la \u00ab\u00a0ministre (si si) charg\u00e9e de l\u2019Apprentissage et de la Formation professionnelle aupr\u00e8s du ministre &hellip; <a href=\"https:\/\/www.blogueurinfluent.com\/?p=1329\" class=\"more-link\">Continuer la lecture de <span class=\"screen-reader-text\">Malaise au rayon primeur<\/span><\/a><\/p>\n","protected":false},"author":2,"featured_media":0,"comment_status":"open","ping_status":"open","sticky":false,"template":"","format":"standard","meta":{"footnotes":""},"categories":[89,16],"tags":[],"class_list":["post-1329","post","type-post","status-publish","format-standard","hentry","category-conso","category-valeur-travail"],"_links":{"self":[{"href":"https:\/\/www.blogueurinfluent.com\/index.php?rest_route=\/wp\/v2\/posts\/1329","targetHints":{"allow":["GET"]}}],"collection":[{"href":"https:\/\/www.blogueurinfluent.com\/index.php?rest_route=\/wp\/v2\/posts"}],"about":[{"href":"https:\/\/www.blogueurinfluent.com\/index.php?rest_route=\/wp\/v2\/types\/post"}],"author":[{"embeddable":true,"href":"https:\/\/www.blogueurinfluent.com\/index.php?rest_route=\/wp\/v2\/users\/2"}],"replies":[{"embeddable":true,"href":"https:\/\/www.blogueurinfluent.com\/index.php?rest_route=%2Fwp%2Fv2%2Fcomments&post=1329"}],"version-history":[{"count":0,"href":"https:\/\/www.blogueurinfluent.com\/index.php?rest_route=\/wp\/v2\/posts\/1329\/revisions"}],"wp:attachment":[{"href":"https:\/\/www.blogueurinfluent.com\/index.php?rest_route=%2Fwp%2Fv2%2Fmedia&parent=1329"}],"wp:term":[{"taxonomy":"category","embeddable":true,"href":"https:\/\/www.blogueurinfluent.com\/index.php?rest_route=%2Fwp%2Fv2%2Fcategories&post=1329"},{"taxonomy":"post_tag","embeddable":true,"href":"https:\/\/www.blogueurinfluent.com\/index.php?rest_route=%2Fwp%2Fv2%2Ftags&post=1329"}],"curies":[{"name":"wp","href":"https:\/\/api.w.org\/{rel}","templated":true}]}}