{"id":750,"date":"2009-10-17T11:54:45","date_gmt":"2009-10-17T10:54:45","guid":{"rendered":"http:\/\/www.blogueurinfluent.com\/?p=750"},"modified":"2009-10-17T17:42:50","modified_gmt":"2009-10-17T16:42:50","slug":"laurent-wauquiez-a-france-telecom-vous-allez-devoir-vous-retrousser-les-manches","status":"publish","type":"post","link":"http:\/\/www.blogueurinfluent.com\/?p=750","title":{"rendered":"Laurent Wauquiez \u00e0 propos des suicides chez France T\u00e9l\u00e9com : Vous allez devoir vous retrousser les manches"},"content":{"rendered":"<p><em>\u00ab\u00a0Finie la glandouille, tas de fonctionnaires, il est plus que temps de se sortir les doigts du&#8230;\u00a0\u00bb<\/em><br \/>\nC&rsquo;\u00e9tait en substance la teneur du discours de Laurent Wauquiez, secr\u00e9taire d&rsquo;\u00e9tat \u00e0 l&#8217;emploi, qui r\u00e9agissait \u00e0 la vague de suicides chez France T\u00e9l\u00e9com.<\/p>\n<p><img loading=\"lazy\" decoding=\"async\" class=\"alignnone size-full wp-image-749\" title=\"wauquiezFT\" src=\"http:\/\/www.blogueurinfluent.com\/wp-content\/uploads\/2009\/10\/wauquiezFT.png\" alt=\"wauquiezFT\" width=\"500\" height=\"1267\" srcset=\"http:\/\/www.blogueurinfluent.com\/wp-content\/uploads\/2009\/10\/wauquiezFT.png 500w, http:\/\/www.blogueurinfluent.com\/wp-content\/uploads\/2009\/10\/wauquiezFT-118x300.png 118w, http:\/\/www.blogueurinfluent.com\/wp-content\/uploads\/2009\/10\/wauquiezFT-404x1024.png 404w\" sizes=\"auto, (max-width: 500px) 100vw, 500px\" \/><\/p>\n<p>On s&rsquo;attend \u00e0 une acc\u00e9l\u00e9ration de la mobilit\u00e9 du personnel entre les \u00e9tages.<\/p>\n","protected":false},"excerpt":{"rendered":"<p>\u00ab\u00a0Finie la glandouille, tas de fonctionnaires, il est plus que temps de se sortir les doigts du&#8230;\u00a0\u00bb C&rsquo;\u00e9tait en substance la teneur du discours de Laurent Wauquiez, secr\u00e9taire d&rsquo;\u00e9tat \u00e0 l&#8217;emploi, qui r\u00e9agissait \u00e0 la vague de suicides chez France T\u00e9l\u00e9com. On s&rsquo;attend \u00e0 une acc\u00e9l\u00e9ration de la mobilit\u00e9 du personnel entre les \u00e9tages.<\/p>\n","protected":false},"author":2,"featured_media":0,"comment_status":"open","ping_status":"open","sticky":false,"template":"","format":"standard","meta":{"footnotes":""},"categories":[16],"tags":[],"class_list":["post-750","post","type-post","status-publish","format-standard","hentry","category-valeur-travail"],"_links":{"self":[{"href":"http:\/\/www.blogueurinfluent.com\/index.php?rest_route=\/wp\/v2\/posts\/750","targetHints":{"allow":["GET"]}}],"collection":[{"href":"http:\/\/www.blogueurinfluent.com\/index.php?rest_route=\/wp\/v2\/posts"}],"about":[{"href":"http:\/\/www.blogueurinfluent.com\/index.php?rest_route=\/wp\/v2\/types\/post"}],"author":[{"embeddable":true,"href":"http:\/\/www.blogueurinfluent.com\/index.php?rest_route=\/wp\/v2\/users\/2"}],"replies":[{"embeddable":true,"href":"http:\/\/www.blogueurinfluent.com\/index.php?rest_route=%2Fwp%2Fv2%2Fcomments&post=750"}],"version-history":[{"count":0,"href":"http:\/\/www.blogueurinfluent.com\/index.php?rest_route=\/wp\/v2\/posts\/750\/revisions"}],"wp:attachment":[{"href":"http:\/\/www.blogueurinfluent.com\/index.php?rest_route=%2Fwp%2Fv2%2Fmedia&parent=750"}],"wp:term":[{"taxonomy":"category","embeddable":true,"href":"http:\/\/www.blogueurinfluent.com\/index.php?rest_route=%2Fwp%2Fv2%2Fcategories&post=750"},{"taxonomy":"post_tag","embeddable":true,"href":"http:\/\/www.blogueurinfluent.com\/index.php?rest_route=%2Fwp%2Fv2%2Ftags&post=750"}],"curies":[{"name":"wp","href":"https:\/\/api.w.org\/{rel}","templated":true}]}}